{"id":2230,"date":"2022-10-31T14:25:09","date_gmt":"2022-10-31T14:25:09","guid":{"rendered":"https:\/\/www.gnration.pt\/en\/?post_type=event&#038;p=2230"},"modified":"2022-11-03T10:56:37","modified_gmt":"2022-11-03T10:56:37","slug":"surma","status":"publish","type":[14],"link":"https:\/\/www.gnration.pt\/en\/event\/2022\/surma\/","title":{"rendered":"surma"},"content":{"rendered":"<p style=\"text-align: justify;\">Surma was born and raised in the small village of Vale Do Horto. There, she began her first adventures in music. While still in high school, she started a solo project, the same project we know today, in which she would explore sound environments and boundaries between musical genres.<\/p>\n<p style=\"text-align: justify;\">On stage, she is usually alone and surrounded by a dozen instruments. With this setup and her voice, Surma has toured the world. She played over three hundred concerts spread across fifteen countries, and in stages ranging from NOS Alive, Primavera Sound, and Paredes de Coura to South By Southwest, Eurosonic, and SIM S\u00e3o Paulo.<\/p>\n<p style=\"text-align: justify;\">Always willing to collaborate and take on new challenges, Surma has, in recent years, embraced projects such as Concerts for Babies or the 5\u00aa Punkada (a project for users of the Coimbra Cerebral Palsy Association). She has also developed sound work and soundtracks for Theatre and Cinema (she was nominated for the Sophia Awards with her composition for &#8220;SNU&#8221;).<\/p>\n<p style=\"text-align: justify;\">Since her debut <em>Antwerpen<\/em> (2017), she has accumulated awards, projects, collaborated with other musicians, and composed music for film, theatre, and dance. IMPALA (European Association of independent publishers) named her record one of the 20 best of that year. Antwerpen also received top reviews from national media such as Expresso and P\u00fablico and was almost unanimously considered one of the best Portuguese records of the year.<\/p>\n<p style=\"text-align: justify;\">She debuts <em>Alla<\/em>, the second record of their career, in gnration. Pedro Melo Alves and Jo\u00e3o Paulo Esteves da Silva will join her universe as guests. Pedro Melo Alves is a drummer and percussionist, and one of the most promising names in national jazz. Jo\u00e3o Hasselberg is a bassist who has collaborated with names such as Jo\u00e3o Paulo Esteves da Silva, Lu\u00edsa Sobral, J\u00falio Resende, or Salvador Sobral.<\/p>\n<p><iframe loading=\"lazy\" title=\"YouTube video player\" src=\"https:\/\/www.youtube.com\/embed\/yZPDCc20Tuw\" width=\"560\" height=\"315\" frameborder=\"0\" allowfullscreen=\"allowfullscreen\"><\/iframe><\/p>\n<p style=\"text-align: center;\"><strong>age rating\u00a0<\/strong>m\/6<\/p>\n","protected":false},"excerpt":{"rendered":"<p>Surma was born and raised in the small village of Vale Do Horto. There, she began her first adventures in music. While still in high school, she started a solo project, the same project we know today, in which she would explore sound environments and boundaries between musical genres. On stage, she is usually alone <a class=\"read-more\" href=\"https:\/\/www.gnration.pt\/en\/event\/2022\/surma\/\" title=\"Learn More\">Learn More<\/a><\/p>\n","protected":false},"featured_media":2297,"menu_order":0,"template":"","class_list":["post-2230","event","type-event","status-publish","has-post-thumbnail","hentry","type-music"],"acf":[],"_links":{"self":[{"href":"https:\/\/www.gnration.pt\/en\/wp-json\/wp\/v2\/event\/2230","targetHints":{"allow":["GET"]}}],"collection":[{"href":"https:\/\/www.gnration.pt\/en\/wp-json\/wp\/v2\/event"}],"about":[{"href":"https:\/\/www.gnration.pt\/en\/wp-json\/wp\/v2\/types\/event"}],"version-history":[{"count":7,"href":"https:\/\/www.gnration.pt\/en\/wp-json\/wp\/v2\/event\/2230\/revisions"}],"predecessor-version":[{"id":2431,"href":"https:\/\/www.gnration.pt\/en\/wp-json\/wp\/v2\/event\/2230\/revisions\/2431"}],"wp:featuredmedia":[{"embeddable":true,"href":"https:\/\/www.gnration.pt\/en\/wp-json\/wp\/v2\/media\/2297"}],"wp:attachment":[{"href":"https:\/\/www.gnration.pt\/en\/wp-json\/wp\/v2\/media?parent=2230"}],"wp:term":[{"taxonomy":"type","embeddable":true,"href":"https:\/\/www.gnration.pt\/en\/wp-json\/wp\/v2\/type?post=2230"}],"curies":[{"name":"wp","href":"https:\/\/api.w.org\/{rel}","templated":true}]}}